{"id":824,"date":"2016-07-19T16:05:15","date_gmt":"2016-07-19T14:05:15","guid":{"rendered":"http:\/\/www.clemensaugust.de\/franziskus\/?p=824"},"modified":"2018-06-19T17:15:18","modified_gmt":"2018-06-19T15:15:18","slug":"ferienstarter-2016","status":"publish","type":"post","link":"https:\/\/www.clemensaugust.de\/franziskus\/2016\/07\/19\/ferienstarter-2016\/","title":{"rendered":"Ferienstarter 2016"},"content":{"rendered":"<p>Gro\u00dfes Klinikfest zum Beginn der Sommerferien<\/p>\n<p>Der diesj\u00e4hrige Ferienstart in der Clemens-August-Jugendklinik stand ganz im aktuellen Fokus der Fu\u00dfball-Europa-Meisterschaften. Nach dem Motto &#8222;Mit &amp; Einander feiern&#8220; stand nicht nur Spiel und Spa\u00df im Vordergrund, sondern auch Integration und Solidarit\u00e4t.<\/p>\n<p>Bereits im Vorfeld erhielten die teilnehmenden Gruppen anhand von Losverfahren ein Land zugewiesen, welches an der Europa-Meisterschaft teilnimmt. Nun galt es f\u00fcr die jeweiligen L\u00e4nder, eine geeignete Repr\u00e4sentation zu gestalten.<\/p>\n<p>Am 22. Juni 2016 trafen dann die 12 Gruppen in ihren unterschiedlichen Nationalit\u00e4ten aufeinander und durchliefen verschiedene Spielstationen, die auf dem gesamten Klinikgel\u00e4nde verteilt lagen.<\/p>\n<p><img decoding=\"async\" class=\"alignleft wp-image-829 size-large\" src=\"http:\/\/clemensaugust.de\/franziskus\/wp-content\/uploads\/sites\/8\/2018\/06\/Ferienstarter_2016-460x306.jpg\" alt=\"\" width=\"460\" height=\"306\" \/>Unter der Hauptorganisation des Ergotherapeuten-Team, zu dem Anna Gerdes, Anja M\u00fcller und Frank Brune z\u00e4hlen, als auch der P\u00e4dagogin Sabrina Volbers, Angelina Lell, Magnus Bornhorst und Hendrik Wehage, konnten alle Kinder und Jugendlichen, aber auch alle Erwachsenen, sich der Herausforderung stellen, den ersten Platz der Meisterschaft zu erreichen. Neben wettkampfgepr\u00e4gten Spielestationen, wie Holzschuhwettlauf und Teebeutelweitwurf, ging es beim gemeinsamen Gestalten eines Fu\u00dfballes, sowie einer Gesangs- und Tanzstation eher um Teamgeist und Kreativit\u00e4t.<\/p>\n<p>Zum Ende dieses unterhaltsamen Ferienstarts trafen alle Mitwirkenden in der &#8222;Sport-Gala&#8220; zusammen. Neben der Siegerehrung und der Pr\u00e4sentation des Fu\u00dfballes, gab es auch musikalische Einlagen unter der Leitung von Johannes Schneppat mit seinem Klinikchor und Dirk Kathmann an der Musikanlage.<\/p>\n<p>Am Ende dieses sch\u00f6nen Tages dankten G\u00fcnther Schwarte und Dr. Andreas Romberg allen Mitwirkenden f\u00fcr ihren Einsatz.<\/p>\n","protected":false},"excerpt":{"rendered":"<p>Gro\u00dfes Klinikfest zum Beginn der Sommerferien Der diesj\u00e4hrige Ferienstart in der Clemens-August-Jugendklinik stand ganz im aktuellen Fokus der Fu\u00dfball-Europa-Meisterschaften. Nach dem Motto &#8222;Mit &amp; Einander feiern&#8220; stand nicht nur Spiel [&hellip;]<\/p>\n","protected":false},"author":1,"featured_media":0,"comment_status":"closed","ping_status":"open","sticky":false,"template":"","format":"standard","meta":{"footnotes":"","_links_to":"","_links_to_target":""},"categories":[1],"tags":[],"_links":{"self":[{"href":"https:\/\/www.clemensaugust.de\/franziskus\/wp-json\/wp\/v2\/posts\/824"}],"collection":[{"href":"https:\/\/www.clemensaugust.de\/franziskus\/wp-json\/wp\/v2\/posts"}],"about":[{"href":"https:\/\/www.clemensaugust.de\/franziskus\/wp-json\/wp\/v2\/types\/post"}],"author":[{"embeddable":true,"href":"https:\/\/www.clemensaugust.de\/franziskus\/wp-json\/wp\/v2\/users\/1"}],"replies":[{"embeddable":true,"href":"https:\/\/www.clemensaugust.de\/franziskus\/wp-json\/wp\/v2\/comments?post=824"}],"version-history":[{"count":3,"href":"https:\/\/www.clemensaugust.de\/franziskus\/wp-json\/wp\/v2\/posts\/824\/revisions"}],"predecessor-version":[{"id":835,"href":"https:\/\/www.clemensaugust.de\/franziskus\/wp-json\/wp\/v2\/posts\/824\/revisions\/835"}],"wp:attachment":[{"href":"https:\/\/www.clemensaugust.de\/franziskus\/wp-json\/wp\/v2\/media?parent=824"}],"wp:term":[{"taxonomy":"category","embeddable":true,"href":"https:\/\/www.clemensaugust.de\/franziskus\/wp-json\/wp\/v2\/categories?post=824"},{"taxonomy":"post_tag","embeddable":true,"href":"https:\/\/www.clemensaugust.de\/franziskus\/wp-json\/wp\/v2\/tags?post=824"}],"curies":[{"name":"wp","href":"https:\/\/api.w.org\/{rel}","templated":true}]}}