{"id":843,"date":"2018-07-04T23:47:40","date_gmt":"2018-07-04T21:47:40","guid":{"rendered":"http:\/\/www.clemensaugust.de\/franziskus\/?p=843"},"modified":"2018-07-04T23:47:40","modified_gmt":"2018-07-04T21:47:40","slug":"alle-farben-sommerfest-in-der-clemens-august-jugendklinik","status":"publish","type":"post","link":"https:\/\/www.clemensaugust.de\/franziskus\/2018\/07\/04\/alle-farben-sommerfest-in-der-clemens-august-jugendklinik\/","title":{"rendered":"\u201eAlle Farben\u201c Sommerfest in der Clemens-August-Jugendklinik"},"content":{"rendered":"<p>&nbsp;<\/p>\n<p><img decoding=\"async\" class=\"alignleft size-large wp-image-848\" src=\"http:\/\/clemensaugust.de\/franziskus\/wp-content\/uploads\/sites\/8\/2018\/07\/IMG_5445-460x306.jpg\" alt=\"\" width=\"460\" height=\"306\" \/><\/p>\n<p>In der Clemens-August-Jugendklinik wurden die Sommerferien auch in diesem Jahr wieder mit einem Fest eingel\u00e4utet. An der Feier beteiligten sich alle Patienten\/-innen als auch viele Mitarbeiter\/-innen der unterschiedlichen Berufsgruppen. Bunt sollte es dieses Mal sein und wurde es auch. Am Nachmittag fanden zahlreiche Spiele und Workshops zum Thema \u201eFarben\u201c statt. Es gab ein originelles Fotoshooting am VW-Bus des Chefarztes Dr. Romberg, anhand von Kl\u00e4ngen sollten Farben im Dunkeln dargestellt werden, durch werfen von Farbschw\u00e4mmen wurden Gemeinschaftsbilder erstellt, ein Flashmop zum Lied \u201eMillionen Farben\u201c wurde einge\u00fcbt und vieles mehr. Dabei galt es Geschicklichkeit, Teamarbeit und individuelle Erfahrungen der Kinder und Jugendlichen anzusprechen.<\/p>\n<p>Am Abend wurden diese Erfahrungen und Erlebnisse in einer gro\u00dfen Lagerrunde zu einem bunten Programm zusammengef\u00fcgt und durch den eigenen Klinikchor musikalisch unterst\u00fctzt. Als besonderes Highlight konnte am Ende der Veranstaltung\u00a0 jede\/r Teilnehmer\/-in und Mitwirkende\/r einen farbigen Heliumballon mit pers\u00f6nlich gestalteter Wunschkarte steigen lassen. Am Ende dieses aktiven Tages bedankten sich Dr. Romberg und Herr Schwarte f\u00fcr die ansprechende Gestaltung und Umsetzung des Sommerfestes 2018.<br \/>\nDurch das Sommerfest werden in der Jugendklinik traditionell die gro\u00dfen Ferien eingel\u00e4utet, in denen den Patienten\/-innen ein vielf\u00e4ltiges Sommerprogramm angeboten wird.<\/p>\n\n","protected":false},"excerpt":{"rendered":"<p>&nbsp; In der Clemens-August-Jugendklinik wurden die Sommerferien auch in diesem Jahr wieder mit einem Fest eingel\u00e4utet. An der Feier beteiligten sich alle Patienten\/-innen als auch viele Mitarbeiter\/-innen der unterschiedlichen Berufsgruppen. [&hellip;]<\/p>\n","protected":false},"author":1,"featured_media":0,"comment_status":"closed","ping_status":"open","sticky":false,"template":"","format":"standard","meta":{"footnotes":"","_links_to":"","_links_to_target":""},"categories":[2],"tags":[],"_links":{"self":[{"href":"https:\/\/www.clemensaugust.de\/franziskus\/wp-json\/wp\/v2\/posts\/843"}],"collection":[{"href":"https:\/\/www.clemensaugust.de\/franziskus\/wp-json\/wp\/v2\/posts"}],"about":[{"href":"https:\/\/www.clemensaugust.de\/franziskus\/wp-json\/wp\/v2\/types\/post"}],"author":[{"embeddable":true,"href":"https:\/\/www.clemensaugust.de\/franziskus\/wp-json\/wp\/v2\/users\/1"}],"replies":[{"embeddable":true,"href":"https:\/\/www.clemensaugust.de\/franziskus\/wp-json\/wp\/v2\/comments?post=843"}],"version-history":[{"count":4,"href":"https:\/\/www.clemensaugust.de\/franziskus\/wp-json\/wp\/v2\/posts\/843\/revisions"}],"predecessor-version":[{"id":851,"href":"https:\/\/www.clemensaugust.de\/franziskus\/wp-json\/wp\/v2\/posts\/843\/revisions\/851"}],"wp:attachment":[{"href":"https:\/\/www.clemensaugust.de\/franziskus\/wp-json\/wp\/v2\/media?parent=843"}],"wp:term":[{"taxonomy":"category","embeddable":true,"href":"https:\/\/www.clemensaugust.de\/franziskus\/wp-json\/wp\/v2\/categories?post=843"},{"taxonomy":"post_tag","embeddable":true,"href":"https:\/\/www.clemensaugust.de\/franziskus\/wp-json\/wp\/v2\/tags?post=843"}],"curies":[{"name":"wp","href":"https:\/\/api.w.org\/{rel}","templated":true}]}}